{"id":986,"date":"2024-10-31T12:15:47","date_gmt":"2024-10-31T11:15:47","guid":{"rendered":"https:\/\/lesarchers-stmartinois.fr\/?p=986"},"modified":"2024-10-31T12:21:56","modified_gmt":"2024-10-31T11:21:56","slug":"competition-langlade","status":"publish","type":"post","link":"https:\/\/lesarchers-stmartinois.fr\/?p=986","title":{"rendered":"Comp\u00e9tition &#8211; LANGLADE"},"content":{"rendered":"\n<figure class=\"wp-block-image size-large\"><img decoding=\"async\" loading=\"lazy\" width=\"1024\" height=\"768\" src=\"https:\/\/lesarchers-stmartinois.fr\/wp-content\/uploads\/2024\/10\/463192822_10234170357506922_3358395832012920365_n-1024x768.jpg\" alt=\"\" class=\"wp-image-987\" srcset=\"https:\/\/lesarchers-stmartinois.fr\/wp-content\/uploads\/2024\/10\/463192822_10234170357506922_3358395832012920365_n-1024x768.jpg 1024w, https:\/\/lesarchers-stmartinois.fr\/wp-content\/uploads\/2024\/10\/463192822_10234170357506922_3358395832012920365_n-300x225.jpg 300w, https:\/\/lesarchers-stmartinois.fr\/wp-content\/uploads\/2024\/10\/463192822_10234170357506922_3358395832012920365_n-768x576.jpg 768w, https:\/\/lesarchers-stmartinois.fr\/wp-content\/uploads\/2024\/10\/463192822_10234170357506922_3358395832012920365_n-1536x1152.jpg 1536w, https:\/\/lesarchers-stmartinois.fr\/wp-content\/uploads\/2024\/10\/463192822_10234170357506922_3358395832012920365_n-400x300.jpg 400w, https:\/\/lesarchers-stmartinois.fr\/wp-content\/uploads\/2024\/10\/463192822_10234170357506922_3358395832012920365_n.jpg 2048w\" sizes=\"(max-width: 1024px) 100vw, 1024px\" \/><\/figure>\n\n\n\n<p>Le week-end du 12 et 13 Octobre 2024, 5 de nos archers \u00e9taient pr\u00e9sents sur le concours salle de LANGLADE.<\/p>\n\n\n\n<p>Pour le premier concours salle de la saison, nos archers ont brill\u00e9 et commencer l&#8217;ann\u00e9e en tapant fort. <\/p>\n\n\n\n<p>Alexia FERRAUD, Damian FORT &amp; Nicolas GIRARD terminent 1er. <\/p>\n\n\n\n<p>Julien PARPILLON termine 2\u00e8me <\/p>\n\n\n\n<p>Yann LORTHIOIR termine 3\u00e8me <\/p>\n\n\n\n<figure class=\"wp-block-gallery has-nested-images columns-default is-cropped wp-block-gallery-1 is-layout-flex wp-block-gallery-is-layout-flex\">\n<figure class=\"wp-block-image size-large is-style-default\"><img decoding=\"async\" loading=\"lazy\" width=\"1536\" height=\"2048\" data-id=\"994\" src=\"https:\/\/lesarchers-stmartinois.fr\/wp-content\/uploads\/2024\/10\/463137542_10234170357386919_1412942077952361209_n-edited.jpg\" alt=\"\" class=\"wp-image-994\" srcset=\"https:\/\/lesarchers-stmartinois.fr\/wp-content\/uploads\/2024\/10\/463137542_10234170357386919_1412942077952361209_n-edited.jpg 1536w, https:\/\/lesarchers-stmartinois.fr\/wp-content\/uploads\/2024\/10\/463137542_10234170357386919_1412942077952361209_n-edited-225x300.jpg 225w, https:\/\/lesarchers-stmartinois.fr\/wp-content\/uploads\/2024\/10\/463137542_10234170357386919_1412942077952361209_n-edited-768x1024.jpg 768w, https:\/\/lesarchers-stmartinois.fr\/wp-content\/uploads\/2024\/10\/463137542_10234170357386919_1412942077952361209_n-edited-1152x1536.jpg 1152w\" sizes=\"(max-width: 1536px) 100vw, 1536px\" \/><\/figure>\n\n\n\n<figure class=\"wp-block-image size-large\"><img decoding=\"async\" loading=\"lazy\" width=\"768\" height=\"1024\" data-id=\"990\" src=\"https:\/\/lesarchers-stmartinois.fr\/wp-content\/uploads\/2024\/10\/462765530_10234179929426214_7613574939156244111_n-768x1024.jpg\" alt=\"\" class=\"wp-image-990\" srcset=\"https:\/\/lesarchers-stmartinois.fr\/wp-content\/uploads\/2024\/10\/462765530_10234179929426214_7613574939156244111_n-768x1024.jpg 768w, https:\/\/lesarchers-stmartinois.fr\/wp-content\/uploads\/2024\/10\/462765530_10234179929426214_7613574939156244111_n-225x300.jpg 225w, https:\/\/lesarchers-stmartinois.fr\/wp-content\/uploads\/2024\/10\/462765530_10234179929426214_7613574939156244111_n-1152x1536.jpg 1152w, https:\/\/lesarchers-stmartinois.fr\/wp-content\/uploads\/2024\/10\/462765530_10234179929426214_7613574939156244111_n.jpg 1200w\" sizes=\"(max-width: 768px) 100vw, 768px\" \/><\/figure>\n<\/figure>\n\n\n\n<p><\/p>\n","protected":false},"excerpt":{"rendered":"<p>Le week-end du 12 et 13 Octobre 2024, 5 de nos archers \u00e9taient pr\u00e9sents sur le concours salle de LANGLADE. Pour le premier concours salle de la saison, nos archers ont brill\u00e9 et commencer l&#8217;ann\u00e9e en tapant fort. Alexia FERRAUD, Damian FORT &amp; Nicolas GIRARD terminent 1er. Julien PARPILLON termine 2\u00e8me Yann LORTHIOIR termine 3\u00e8me<\/p>\n","protected":false},"author":1,"featured_media":987,"comment_status":"closed","ping_status":"closed","sticky":false,"template":"","format":"standard","meta":{"footnotes":""},"categories":[1],"tags":[],"yoast_head":"<!-- This site is optimized with the Yoast SEO plugin v19.10 - https:\/\/yoast.com\/wordpress\/plugins\/seo\/ -->\n<title>Comp\u00e9tition - LANGLADE - Les Archers St Martinois<\/title>\n<meta name=\"robots\" content=\"index, follow, max-snippet:-1, max-image-preview:large, max-video-preview:-1\" \/>\n<link rel=\"canonical\" href=\"https:\/\/lesarchers-stmartinois.fr\/?p=986\" \/>\n<meta property=\"og:locale\" content=\"en_US\" \/>\n<meta property=\"og:type\" content=\"article\" \/>\n<meta property=\"og:title\" content=\"Comp\u00e9tition - LANGLADE - Les Archers St Martinois\" \/>\n<meta property=\"og:description\" content=\"Le week-end du 12 et 13 Octobre 2024, 5 de nos archers \u00e9taient pr\u00e9sents sur le concours salle de LANGLADE. Pour le premier concours salle de la saison, nos archers ont brill\u00e9 et commencer l&#8217;ann\u00e9e en tapant fort. Alexia FERRAUD, Damian FORT &amp; Nicolas GIRARD terminent 1er. Julien PARPILLON termine 2\u00e8me Yann LORTHIOIR termine 3\u00e8me\" \/>\n<meta property=\"og:url\" content=\"https:\/\/lesarchers-stmartinois.fr\/?p=986\" \/>\n<meta property=\"og:site_name\" content=\"Les Archers St Martinois\" \/>\n<meta property=\"article:published_time\" content=\"2024-10-31T11:15:47+00:00\" \/>\n<meta property=\"article:modified_time\" content=\"2024-10-31T11:21:56+00:00\" \/>\n<meta property=\"og:image\" content=\"https:\/\/lesarchers-stmartinois.fr\/wp-content\/uploads\/2024\/10\/463192822_10234170357506922_3358395832012920365_n.jpg\" \/>\n\t<meta property=\"og:image:width\" content=\"2048\" \/>\n\t<meta property=\"og:image:height\" content=\"1536\" \/>\n\t<meta property=\"og:image:type\" content=\"image\/jpeg\" \/>\n<meta name=\"author\" content=\"Les Archers St Martinois\" \/>\n<meta name=\"twitter:card\" content=\"summary_large_image\" \/>\n<meta name=\"twitter:label1\" content=\"Written by\" \/>\n\t<meta name=\"twitter:data1\" content=\"Les Archers St Martinois\" \/>\n<script type=\"application\/ld+json\" class=\"yoast-schema-graph\">{\"@context\":\"https:\/\/schema.org\",\"@graph\":[{\"@type\":\"Article\",\"@id\":\"https:\/\/lesarchers-stmartinois.fr\/?p=986#article\",\"isPartOf\":{\"@id\":\"https:\/\/lesarchers-stmartinois.fr\/?p=986\"},\"author\":{\"name\":\"Les Archers St Martinois\",\"@id\":\"https:\/\/lesarchers-stmartinois.fr\/#\/schema\/person\/6fc87339c4afe3a7fc3860b39470a8d6\"},\"headline\":\"Comp\u00e9tition &#8211; LANGLADE\",\"datePublished\":\"2024-10-31T11:15:47+00:00\",\"dateModified\":\"2024-10-31T11:21:56+00:00\",\"mainEntityOfPage\":{\"@id\":\"https:\/\/lesarchers-stmartinois.fr\/?p=986\"},\"wordCount\":57,\"publisher\":{\"@id\":\"https:\/\/lesarchers-stmartinois.fr\/#organization\"},\"articleSection\":[\"Vie du Club\"],\"inLanguage\":\"en-US\"},{\"@type\":\"WebPage\",\"@id\":\"https:\/\/lesarchers-stmartinois.fr\/?p=986\",\"url\":\"https:\/\/lesarchers-stmartinois.fr\/?p=986\",\"name\":\"Comp\u00e9tition - LANGLADE - Les Archers St Martinois\",\"isPartOf\":{\"@id\":\"https:\/\/lesarchers-stmartinois.fr\/#website\"},\"datePublished\":\"2024-10-31T11:15:47+00:00\",\"dateModified\":\"2024-10-31T11:21:56+00:00\",\"breadcrumb\":{\"@id\":\"https:\/\/lesarchers-stmartinois.fr\/?p=986#breadcrumb\"},\"inLanguage\":\"en-US\",\"potentialAction\":[{\"@type\":\"ReadAction\",\"target\":[\"https:\/\/lesarchers-stmartinois.fr\/?p=986\"]}]},{\"@type\":\"BreadcrumbList\",\"@id\":\"https:\/\/lesarchers-stmartinois.fr\/?p=986#breadcrumb\",\"itemListElement\":[{\"@type\":\"ListItem\",\"position\":1,\"name\":\"Home\",\"item\":\"https:\/\/lesarchers-stmartinois.fr\/\"},{\"@type\":\"ListItem\",\"position\":2,\"name\":\"Comp\u00e9tition &#8211; LANGLADE\"}]},{\"@type\":\"WebSite\",\"@id\":\"https:\/\/lesarchers-stmartinois.fr\/#website\",\"url\":\"https:\/\/lesarchers-stmartinois.fr\/\",\"name\":\"Les Archers St Martinois\",\"description\":\"Les Flamants Roses \",\"publisher\":{\"@id\":\"https:\/\/lesarchers-stmartinois.fr\/#organization\"},\"potentialAction\":[{\"@type\":\"SearchAction\",\"target\":{\"@type\":\"EntryPoint\",\"urlTemplate\":\"https:\/\/lesarchers-stmartinois.fr\/?s={search_term_string}\"},\"query-input\":\"required name=search_term_string\"}],\"inLanguage\":\"en-US\"},{\"@type\":\"Organization\",\"@id\":\"https:\/\/lesarchers-stmartinois.fr\/#organization\",\"name\":\"Les Archers St Martinois\",\"url\":\"https:\/\/lesarchers-stmartinois.fr\/\",\"logo\":{\"@type\":\"ImageObject\",\"inLanguage\":\"en-US\",\"@id\":\"https:\/\/lesarchers-stmartinois.fr\/#\/schema\/logo\/image\/\",\"url\":\"https:\/\/lesarchers-stmartinois.fr\/wp-content\/uploads\/2022\/05\/cropped-Logo-club-2.jpg\",\"contentUrl\":\"https:\/\/lesarchers-stmartinois.fr\/wp-content\/uploads\/2022\/05\/cropped-Logo-club-2.jpg\",\"width\":400,\"height\":571,\"caption\":\"Les Archers St Martinois \"},\"image\":{\"@id\":\"https:\/\/lesarchers-stmartinois.fr\/#\/schema\/logo\/image\/\"}},{\"@type\":\"Person\",\"@id\":\"https:\/\/lesarchers-stmartinois.fr\/#\/schema\/person\/6fc87339c4afe3a7fc3860b39470a8d6\",\"name\":\"Les Archers St Martinois\",\"image\":{\"@type\":\"ImageObject\",\"inLanguage\":\"en-US\",\"@id\":\"https:\/\/lesarchers-stmartinois.fr\/#\/schema\/person\/image\/\",\"url\":\"https:\/\/secure.gravatar.com\/avatar\/3a901488cab2d64221d04fbccdad8970?s=96&d=mm&r=g\",\"contentUrl\":\"https:\/\/secure.gravatar.com\/avatar\/3a901488cab2d64221d04fbccdad8970?s=96&d=mm&r=g\",\"caption\":\"Les Archers St Martinois\"},\"url\":\"https:\/\/lesarchers-stmartinois.fr\/?author=1\"}]}<\/script>\n<!-- \/ Yoast SEO plugin. -->","yoast_head_json":{"title":"Comp\u00e9tition - LANGLADE - Les Archers St Martinois","robots":{"index":"index","follow":"follow","max-snippet":"max-snippet:-1","max-image-preview":"max-image-preview:large","max-video-preview":"max-video-preview:-1"},"canonical":"https:\/\/lesarchers-stmartinois.fr\/?p=986","og_locale":"en_US","og_type":"article","og_title":"Comp\u00e9tition - LANGLADE - Les Archers St Martinois","og_description":"Le week-end du 12 et 13 Octobre 2024, 5 de nos archers \u00e9taient pr\u00e9sents sur le concours salle de LANGLADE. Pour le premier concours salle de la saison, nos archers ont brill\u00e9 et commencer l&#8217;ann\u00e9e en tapant fort. Alexia FERRAUD, Damian FORT &amp; Nicolas GIRARD terminent 1er. Julien PARPILLON termine 2\u00e8me Yann LORTHIOIR termine 3\u00e8me","og_url":"https:\/\/lesarchers-stmartinois.fr\/?p=986","og_site_name":"Les Archers St Martinois","article_published_time":"2024-10-31T11:15:47+00:00","article_modified_time":"2024-10-31T11:21:56+00:00","og_image":[{"width":2048,"height":1536,"url":"https:\/\/lesarchers-stmartinois.fr\/wp-content\/uploads\/2024\/10\/463192822_10234170357506922_3358395832012920365_n.jpg","type":"image\/jpeg"}],"author":"Les Archers St Martinois","twitter_card":"summary_large_image","twitter_misc":{"Written by":"Les Archers St Martinois"},"schema":{"@context":"https:\/\/schema.org","@graph":[{"@type":"Article","@id":"https:\/\/lesarchers-stmartinois.fr\/?p=986#article","isPartOf":{"@id":"https:\/\/lesarchers-stmartinois.fr\/?p=986"},"author":{"name":"Les Archers St Martinois","@id":"https:\/\/lesarchers-stmartinois.fr\/#\/schema\/person\/6fc87339c4afe3a7fc3860b39470a8d6"},"headline":"Comp\u00e9tition &#8211; LANGLADE","datePublished":"2024-10-31T11:15:47+00:00","dateModified":"2024-10-31T11:21:56+00:00","mainEntityOfPage":{"@id":"https:\/\/lesarchers-stmartinois.fr\/?p=986"},"wordCount":57,"publisher":{"@id":"https:\/\/lesarchers-stmartinois.fr\/#organization"},"articleSection":["Vie du Club"],"inLanguage":"en-US"},{"@type":"WebPage","@id":"https:\/\/lesarchers-stmartinois.fr\/?p=986","url":"https:\/\/lesarchers-stmartinois.fr\/?p=986","name":"Comp\u00e9tition - LANGLADE - Les Archers St Martinois","isPartOf":{"@id":"https:\/\/lesarchers-stmartinois.fr\/#website"},"datePublished":"2024-10-31T11:15:47+00:00","dateModified":"2024-10-31T11:21:56+00:00","breadcrumb":{"@id":"https:\/\/lesarchers-stmartinois.fr\/?p=986#breadcrumb"},"inLanguage":"en-US","potentialAction":[{"@type":"ReadAction","target":["https:\/\/lesarchers-stmartinois.fr\/?p=986"]}]},{"@type":"BreadcrumbList","@id":"https:\/\/lesarchers-stmartinois.fr\/?p=986#breadcrumb","itemListElement":[{"@type":"ListItem","position":1,"name":"Home","item":"https:\/\/lesarchers-stmartinois.fr\/"},{"@type":"ListItem","position":2,"name":"Comp\u00e9tition &#8211; LANGLADE"}]},{"@type":"WebSite","@id":"https:\/\/lesarchers-stmartinois.fr\/#website","url":"https:\/\/lesarchers-stmartinois.fr\/","name":"Les Archers St Martinois","description":"Les Flamants Roses ","publisher":{"@id":"https:\/\/lesarchers-stmartinois.fr\/#organization"},"potentialAction":[{"@type":"SearchAction","target":{"@type":"EntryPoint","urlTemplate":"https:\/\/lesarchers-stmartinois.fr\/?s={search_term_string}"},"query-input":"required name=search_term_string"}],"inLanguage":"en-US"},{"@type":"Organization","@id":"https:\/\/lesarchers-stmartinois.fr\/#organization","name":"Les Archers St Martinois","url":"https:\/\/lesarchers-stmartinois.fr\/","logo":{"@type":"ImageObject","inLanguage":"en-US","@id":"https:\/\/lesarchers-stmartinois.fr\/#\/schema\/logo\/image\/","url":"https:\/\/lesarchers-stmartinois.fr\/wp-content\/uploads\/2022\/05\/cropped-Logo-club-2.jpg","contentUrl":"https:\/\/lesarchers-stmartinois.fr\/wp-content\/uploads\/2022\/05\/cropped-Logo-club-2.jpg","width":400,"height":571,"caption":"Les Archers St Martinois "},"image":{"@id":"https:\/\/lesarchers-stmartinois.fr\/#\/schema\/logo\/image\/"}},{"@type":"Person","@id":"https:\/\/lesarchers-stmartinois.fr\/#\/schema\/person\/6fc87339c4afe3a7fc3860b39470a8d6","name":"Les Archers St Martinois","image":{"@type":"ImageObject","inLanguage":"en-US","@id":"https:\/\/lesarchers-stmartinois.fr\/#\/schema\/person\/image\/","url":"https:\/\/secure.gravatar.com\/avatar\/3a901488cab2d64221d04fbccdad8970?s=96&d=mm&r=g","contentUrl":"https:\/\/secure.gravatar.com\/avatar\/3a901488cab2d64221d04fbccdad8970?s=96&d=mm&r=g","caption":"Les Archers St Martinois"},"url":"https:\/\/lesarchers-stmartinois.fr\/?author=1"}]}},"_links":{"self":[{"href":"https:\/\/lesarchers-stmartinois.fr\/index.php?rest_route=\/wp\/v2\/posts\/986"}],"collection":[{"href":"https:\/\/lesarchers-stmartinois.fr\/index.php?rest_route=\/wp\/v2\/posts"}],"about":[{"href":"https:\/\/lesarchers-stmartinois.fr\/index.php?rest_route=\/wp\/v2\/types\/post"}],"author":[{"embeddable":true,"href":"https:\/\/lesarchers-stmartinois.fr\/index.php?rest_route=\/wp\/v2\/users\/1"}],"replies":[{"embeddable":true,"href":"https:\/\/lesarchers-stmartinois.fr\/index.php?rest_route=%2Fwp%2Fv2%2Fcomments&post=986"}],"version-history":[{"count":4,"href":"https:\/\/lesarchers-stmartinois.fr\/index.php?rest_route=\/wp\/v2\/posts\/986\/revisions"}],"predecessor-version":[{"id":995,"href":"https:\/\/lesarchers-stmartinois.fr\/index.php?rest_route=\/wp\/v2\/posts\/986\/revisions\/995"}],"wp:featuredmedia":[{"embeddable":true,"href":"https:\/\/lesarchers-stmartinois.fr\/index.php?rest_route=\/wp\/v2\/media\/987"}],"wp:attachment":[{"href":"https:\/\/lesarchers-stmartinois.fr\/index.php?rest_route=%2Fwp%2Fv2%2Fmedia&parent=986"}],"wp:term":[{"taxonomy":"category","embeddable":true,"href":"https:\/\/lesarchers-stmartinois.fr\/index.php?rest_route=%2Fwp%2Fv2%2Fcategories&post=986"},{"taxonomy":"post_tag","embeddable":true,"href":"https:\/\/lesarchers-stmartinois.fr\/index.php?rest_route=%2Fwp%2Fv2%2Ftags&post=986"}],"curies":[{"name":"wp","href":"https:\/\/api.w.org\/{rel}","templated":true}]}}