{"id":954,"date":"2023-12-18T09:31:42","date_gmt":"2023-12-18T08:31:42","guid":{"rendered":"https:\/\/lesarchers-stmartinois.fr\/?p=954"},"modified":"2024-04-18T09:42:31","modified_gmt":"2024-04-18T07:42:31","slug":"competition-chocolat-2023%f0%9f%8d%ab","status":"publish","type":"post","link":"https:\/\/lesarchers-stmartinois.fr\/?p=954","title":{"rendered":"Comp\u00e9tition chocolat 2023\ud83c\udf6b"},"content":{"rendered":"\n<p>Cette ann\u00e9e encore, notre comp\u00e9tition chocolat a \u00e9t\u00e9 un \u00e9v\u00e9nement m\u00e9morable ! Nous avons eu le plaisir d&#8217;accueillir des figures embl\u00e9matiques du monde du tir \u00e0 l&#8217;arc, telles que Robien Gardeur et Sophie Dod\u00e9mont. Leur pr\u00e9sence, ainsi que celle de nombreux amis venus sp\u00e9cialement pour l&#8217;occasion, tels que Agn\u00e8s Froment, Anna Conessa et les deux Laurent a ajout\u00e9 une touche d&#8217;excitation et de prestige \u00e0 notre comp\u00e9tition d\u00e9j\u00e0 c\u00e9l\u00e8bre <a href=\"https:\/\/emojipedia.org\/fr\/visage-avec-des-%C3%A9toiles-%C3%A0-la-place-des-yeux\">\ud83e\udd29<\/a><\/p>\n\n\n\n<p>Dans une atmosph\u00e8re \u00e9lectrique, les archers ont rivalis\u00e9 d&#8217;adresse et de pr\u00e9cision pour offrir des performances \u00e9poustouflantes. Chaque tir \u00e9tait accompagn\u00e9 de cris d&#8217;encouragement et de rires, cr\u00e9ant une ambiance de camaraderie et de comp\u00e9tition saine.<\/p>\n\n\n\n<p>Bien s\u00fbr, aucun \u00e9v\u00e9nement ne serait complet sans une touche de douceur. Les d\u00e9lices chocolat\u00e9s ont combl\u00e9 les papilles des participants et des spectateurs, ajoutant une note gourmande \u00e0 cette journ\u00e9e inoubliable.<\/p>\n\n\n\n<p>Nous tenons \u00e0 exprimer notre gratitude \u00e0 tous ceux qui ont contribu\u00e9 au succ\u00e8s de notre comp\u00e9tition chocolat, que ce soit en tant que participants, b\u00e9n\u00e9voles ou supporters. Votre passion et votre \u00e9nergie ont fait de cet \u00e9v\u00e9nement un moment exceptionnel que nous n&#8217;oublierons pas de sit\u00f4t. Merci \u00e0 tous pour votre participation et votre soutien, et rendez-vous l&#8217;ann\u00e9e prochaine pour une nouvelle \u00e9dition tout aussi fabuleuse ! \ud83d\ude4f<\/p>\n\n\n\n<p>Retrouvez plus de photos sur notre page facebook : les archers saint martinois. <\/p>\n\n\n\n<p>\ud83d\udcf8@Caro <\/p>\n\n\n\n<figure class=\"wp-block-gallery has-nested-images columns-default is-cropped wp-block-gallery-1 is-layout-flex wp-block-gallery-is-layout-flex\">\n<figure class=\"wp-block-image size-large\"><img decoding=\"async\" loading=\"lazy\" width=\"1024\" height=\"683\" data-id=\"956\" src=\"https:\/\/lesarchers-stmartinois.fr\/wp-content\/uploads\/2024\/04\/411400788_1125546128852919_74629127543233677_n-1024x683.jpg\" alt=\"\" class=\"wp-image-956\" srcset=\"https:\/\/lesarchers-stmartinois.fr\/wp-content\/uploads\/2024\/04\/411400788_1125546128852919_74629127543233677_n-1024x683.jpg 1024w, https:\/\/lesarchers-stmartinois.fr\/wp-content\/uploads\/2024\/04\/411400788_1125546128852919_74629127543233677_n-300x200.jpg 300w, https:\/\/lesarchers-stmartinois.fr\/wp-content\/uploads\/2024\/04\/411400788_1125546128852919_74629127543233677_n-768x512.jpg 768w, https:\/\/lesarchers-stmartinois.fr\/wp-content\/uploads\/2024\/04\/411400788_1125546128852919_74629127543233677_n-450x300.jpg 450w, https:\/\/lesarchers-stmartinois.fr\/wp-content\/uploads\/2024\/04\/411400788_1125546128852919_74629127543233677_n.jpg 1439w\" sizes=\"(max-width: 1024px) 100vw, 1024px\" \/><\/figure>\n\n\n\n<figure class=\"wp-block-image size-large\"><img decoding=\"async\" loading=\"lazy\" width=\"1024\" height=\"683\" data-id=\"955\" src=\"https:\/\/lesarchers-stmartinois.fr\/wp-content\/uploads\/2024\/04\/412118028_1125872342153631_1638663268715534858_n-1024x683.jpg\" alt=\"\" class=\"wp-image-955\" srcset=\"https:\/\/lesarchers-stmartinois.fr\/wp-content\/uploads\/2024\/04\/412118028_1125872342153631_1638663268715534858_n-1024x683.jpg 1024w, https:\/\/lesarchers-stmartinois.fr\/wp-content\/uploads\/2024\/04\/412118028_1125872342153631_1638663268715534858_n-300x200.jpg 300w, https:\/\/lesarchers-stmartinois.fr\/wp-content\/uploads\/2024\/04\/412118028_1125872342153631_1638663268715534858_n-768x512.jpg 768w, https:\/\/lesarchers-stmartinois.fr\/wp-content\/uploads\/2024\/04\/412118028_1125872342153631_1638663268715534858_n-1536x1025.jpg 1536w, https:\/\/lesarchers-stmartinois.fr\/wp-content\/uploads\/2024\/04\/412118028_1125872342153631_1638663268715534858_n-450x300.jpg 450w, https:\/\/lesarchers-stmartinois.fr\/wp-content\/uploads\/2024\/04\/412118028_1125872342153631_1638663268715534858_n.jpg 2048w\" sizes=\"(max-width: 1024px) 100vw, 1024px\" \/><\/figure>\n<\/figure>\n","protected":false},"excerpt":{"rendered":"<p>Cette ann\u00e9e encore, notre comp\u00e9tition chocolat a \u00e9t\u00e9 un \u00e9v\u00e9nement m\u00e9morable ! Nous avons eu le plaisir d&#8217;accueillir des figures embl\u00e9matiques du monde du tir \u00e0 l&#8217;arc, telles que Robien Gardeur et Sophie Dod\u00e9mont. Leur pr\u00e9sence, ainsi que celle de nombreux amis venus sp\u00e9cialement pour l&#8217;occasion, tels que Agn\u00e8s Froment, Anna Conessa et les deux [&hellip;]<\/p>\n","protected":false},"author":1,"featured_media":955,"comment_status":"closed","ping_status":"closed","sticky":false,"template":"","format":"standard","meta":{"footnotes":""},"categories":[1],"tags":[],"yoast_head":"<!-- This site is optimized with the Yoast SEO plugin v19.10 - https:\/\/yoast.com\/wordpress\/plugins\/seo\/ -->\n<title>Comp\u00e9tition chocolat 2023\ud83c\udf6b - Les Archers St Martinois<\/title>\n<meta name=\"robots\" content=\"index, follow, max-snippet:-1, max-image-preview:large, max-video-preview:-1\" \/>\n<link rel=\"canonical\" href=\"https:\/\/lesarchers-stmartinois.fr\/?p=954\" \/>\n<meta property=\"og:locale\" content=\"en_US\" \/>\n<meta property=\"og:type\" content=\"article\" \/>\n<meta property=\"og:title\" content=\"Comp\u00e9tition chocolat 2023\ud83c\udf6b - Les Archers St Martinois\" \/>\n<meta property=\"og:description\" content=\"Cette ann\u00e9e encore, notre comp\u00e9tition chocolat a \u00e9t\u00e9 un \u00e9v\u00e9nement m\u00e9morable ! Nous avons eu le plaisir d&#8217;accueillir des figures embl\u00e9matiques du monde du tir \u00e0 l&#8217;arc, telles que Robien Gardeur et Sophie Dod\u00e9mont. Leur pr\u00e9sence, ainsi que celle de nombreux amis venus sp\u00e9cialement pour l&#8217;occasion, tels que Agn\u00e8s Froment, Anna Conessa et les deux [&hellip;]\" \/>\n<meta property=\"og:url\" content=\"https:\/\/lesarchers-stmartinois.fr\/?p=954\" \/>\n<meta property=\"og:site_name\" content=\"Les Archers St Martinois\" \/>\n<meta property=\"article:published_time\" content=\"2023-12-18T08:31:42+00:00\" \/>\n<meta property=\"article:modified_time\" content=\"2024-04-18T07:42:31+00:00\" \/>\n<meta property=\"og:image\" content=\"https:\/\/lesarchers-stmartinois.fr\/wp-content\/uploads\/2024\/04\/412118028_1125872342153631_1638663268715534858_n.jpg\" \/>\n\t<meta property=\"og:image:width\" content=\"2048\" \/>\n\t<meta property=\"og:image:height\" content=\"1366\" \/>\n\t<meta property=\"og:image:type\" content=\"image\/jpeg\" \/>\n<meta name=\"author\" content=\"Les Archers St Martinois\" \/>\n<meta name=\"twitter:card\" content=\"summary_large_image\" \/>\n<meta name=\"twitter:label1\" content=\"Written by\" \/>\n\t<meta name=\"twitter:data1\" content=\"Les Archers St Martinois\" \/>\n\t<meta name=\"twitter:label2\" content=\"Est. reading time\" \/>\n\t<meta name=\"twitter:data2\" content=\"1 minute\" \/>\n<script type=\"application\/ld+json\" class=\"yoast-schema-graph\">{\"@context\":\"https:\/\/schema.org\",\"@graph\":[{\"@type\":\"Article\",\"@id\":\"https:\/\/lesarchers-stmartinois.fr\/?p=954#article\",\"isPartOf\":{\"@id\":\"https:\/\/lesarchers-stmartinois.fr\/?p=954\"},\"author\":{\"name\":\"Les Archers St Martinois\",\"@id\":\"https:\/\/lesarchers-stmartinois.fr\/#\/schema\/person\/6fc87339c4afe3a7fc3860b39470a8d6\"},\"headline\":\"Comp\u00e9tition chocolat 2023\ud83c\udf6b\",\"datePublished\":\"2023-12-18T08:31:42+00:00\",\"dateModified\":\"2024-04-18T07:42:31+00:00\",\"mainEntityOfPage\":{\"@id\":\"https:\/\/lesarchers-stmartinois.fr\/?p=954\"},\"wordCount\":242,\"publisher\":{\"@id\":\"https:\/\/lesarchers-stmartinois.fr\/#organization\"},\"articleSection\":[\"Vie du Club\"],\"inLanguage\":\"en-US\"},{\"@type\":\"WebPage\",\"@id\":\"https:\/\/lesarchers-stmartinois.fr\/?p=954\",\"url\":\"https:\/\/lesarchers-stmartinois.fr\/?p=954\",\"name\":\"Comp\u00e9tition chocolat 2023\ud83c\udf6b - Les Archers St Martinois\",\"isPartOf\":{\"@id\":\"https:\/\/lesarchers-stmartinois.fr\/#website\"},\"datePublished\":\"2023-12-18T08:31:42+00:00\",\"dateModified\":\"2024-04-18T07:42:31+00:00\",\"breadcrumb\":{\"@id\":\"https:\/\/lesarchers-stmartinois.fr\/?p=954#breadcrumb\"},\"inLanguage\":\"en-US\",\"potentialAction\":[{\"@type\":\"ReadAction\",\"target\":[\"https:\/\/lesarchers-stmartinois.fr\/?p=954\"]}]},{\"@type\":\"BreadcrumbList\",\"@id\":\"https:\/\/lesarchers-stmartinois.fr\/?p=954#breadcrumb\",\"itemListElement\":[{\"@type\":\"ListItem\",\"position\":1,\"name\":\"Home\",\"item\":\"https:\/\/lesarchers-stmartinois.fr\/\"},{\"@type\":\"ListItem\",\"position\":2,\"name\":\"Comp\u00e9tition chocolat 2023\ud83c\udf6b\"}]},{\"@type\":\"WebSite\",\"@id\":\"https:\/\/lesarchers-stmartinois.fr\/#website\",\"url\":\"https:\/\/lesarchers-stmartinois.fr\/\",\"name\":\"Les Archers St Martinois\",\"description\":\"Les Flamants Roses \",\"publisher\":{\"@id\":\"https:\/\/lesarchers-stmartinois.fr\/#organization\"},\"potentialAction\":[{\"@type\":\"SearchAction\",\"target\":{\"@type\":\"EntryPoint\",\"urlTemplate\":\"https:\/\/lesarchers-stmartinois.fr\/?s={search_term_string}\"},\"query-input\":\"required name=search_term_string\"}],\"inLanguage\":\"en-US\"},{\"@type\":\"Organization\",\"@id\":\"https:\/\/lesarchers-stmartinois.fr\/#organization\",\"name\":\"Les Archers St Martinois\",\"url\":\"https:\/\/lesarchers-stmartinois.fr\/\",\"logo\":{\"@type\":\"ImageObject\",\"inLanguage\":\"en-US\",\"@id\":\"https:\/\/lesarchers-stmartinois.fr\/#\/schema\/logo\/image\/\",\"url\":\"https:\/\/lesarchers-stmartinois.fr\/wp-content\/uploads\/2022\/05\/cropped-Logo-club-2.jpg\",\"contentUrl\":\"https:\/\/lesarchers-stmartinois.fr\/wp-content\/uploads\/2022\/05\/cropped-Logo-club-2.jpg\",\"width\":400,\"height\":571,\"caption\":\"Les Archers St Martinois \"},\"image\":{\"@id\":\"https:\/\/lesarchers-stmartinois.fr\/#\/schema\/logo\/image\/\"}},{\"@type\":\"Person\",\"@id\":\"https:\/\/lesarchers-stmartinois.fr\/#\/schema\/person\/6fc87339c4afe3a7fc3860b39470a8d6\",\"name\":\"Les Archers St Martinois\",\"image\":{\"@type\":\"ImageObject\",\"inLanguage\":\"en-US\",\"@id\":\"https:\/\/lesarchers-stmartinois.fr\/#\/schema\/person\/image\/\",\"url\":\"https:\/\/secure.gravatar.com\/avatar\/3a901488cab2d64221d04fbccdad8970?s=96&d=mm&r=g\",\"contentUrl\":\"https:\/\/secure.gravatar.com\/avatar\/3a901488cab2d64221d04fbccdad8970?s=96&d=mm&r=g\",\"caption\":\"Les Archers St Martinois\"},\"url\":\"https:\/\/lesarchers-stmartinois.fr\/?author=1\"}]}<\/script>\n<!-- \/ Yoast SEO plugin. -->","yoast_head_json":{"title":"Comp\u00e9tition chocolat 2023\ud83c\udf6b - Les Archers St Martinois","robots":{"index":"index","follow":"follow","max-snippet":"max-snippet:-1","max-image-preview":"max-image-preview:large","max-video-preview":"max-video-preview:-1"},"canonical":"https:\/\/lesarchers-stmartinois.fr\/?p=954","og_locale":"en_US","og_type":"article","og_title":"Comp\u00e9tition chocolat 2023\ud83c\udf6b - Les Archers St Martinois","og_description":"Cette ann\u00e9e encore, notre comp\u00e9tition chocolat a \u00e9t\u00e9 un \u00e9v\u00e9nement m\u00e9morable ! Nous avons eu le plaisir d&#8217;accueillir des figures embl\u00e9matiques du monde du tir \u00e0 l&#8217;arc, telles que Robien Gardeur et Sophie Dod\u00e9mont. Leur pr\u00e9sence, ainsi que celle de nombreux amis venus sp\u00e9cialement pour l&#8217;occasion, tels que Agn\u00e8s Froment, Anna Conessa et les deux [&hellip;]","og_url":"https:\/\/lesarchers-stmartinois.fr\/?p=954","og_site_name":"Les Archers St Martinois","article_published_time":"2023-12-18T08:31:42+00:00","article_modified_time":"2024-04-18T07:42:31+00:00","og_image":[{"width":2048,"height":1366,"url":"https:\/\/lesarchers-stmartinois.fr\/wp-content\/uploads\/2024\/04\/412118028_1125872342153631_1638663268715534858_n.jpg","type":"image\/jpeg"}],"author":"Les Archers St Martinois","twitter_card":"summary_large_image","twitter_misc":{"Written by":"Les Archers St Martinois","Est. reading time":"1 minute"},"schema":{"@context":"https:\/\/schema.org","@graph":[{"@type":"Article","@id":"https:\/\/lesarchers-stmartinois.fr\/?p=954#article","isPartOf":{"@id":"https:\/\/lesarchers-stmartinois.fr\/?p=954"},"author":{"name":"Les Archers St Martinois","@id":"https:\/\/lesarchers-stmartinois.fr\/#\/schema\/person\/6fc87339c4afe3a7fc3860b39470a8d6"},"headline":"Comp\u00e9tition chocolat 2023\ud83c\udf6b","datePublished":"2023-12-18T08:31:42+00:00","dateModified":"2024-04-18T07:42:31+00:00","mainEntityOfPage":{"@id":"https:\/\/lesarchers-stmartinois.fr\/?p=954"},"wordCount":242,"publisher":{"@id":"https:\/\/lesarchers-stmartinois.fr\/#organization"},"articleSection":["Vie du Club"],"inLanguage":"en-US"},{"@type":"WebPage","@id":"https:\/\/lesarchers-stmartinois.fr\/?p=954","url":"https:\/\/lesarchers-stmartinois.fr\/?p=954","name":"Comp\u00e9tition chocolat 2023\ud83c\udf6b - Les Archers St Martinois","isPartOf":{"@id":"https:\/\/lesarchers-stmartinois.fr\/#website"},"datePublished":"2023-12-18T08:31:42+00:00","dateModified":"2024-04-18T07:42:31+00:00","breadcrumb":{"@id":"https:\/\/lesarchers-stmartinois.fr\/?p=954#breadcrumb"},"inLanguage":"en-US","potentialAction":[{"@type":"ReadAction","target":["https:\/\/lesarchers-stmartinois.fr\/?p=954"]}]},{"@type":"BreadcrumbList","@id":"https:\/\/lesarchers-stmartinois.fr\/?p=954#breadcrumb","itemListElement":[{"@type":"ListItem","position":1,"name":"Home","item":"https:\/\/lesarchers-stmartinois.fr\/"},{"@type":"ListItem","position":2,"name":"Comp\u00e9tition chocolat 2023\ud83c\udf6b"}]},{"@type":"WebSite","@id":"https:\/\/lesarchers-stmartinois.fr\/#website","url":"https:\/\/lesarchers-stmartinois.fr\/","name":"Les Archers St Martinois","description":"Les Flamants Roses ","publisher":{"@id":"https:\/\/lesarchers-stmartinois.fr\/#organization"},"potentialAction":[{"@type":"SearchAction","target":{"@type":"EntryPoint","urlTemplate":"https:\/\/lesarchers-stmartinois.fr\/?s={search_term_string}"},"query-input":"required name=search_term_string"}],"inLanguage":"en-US"},{"@type":"Organization","@id":"https:\/\/lesarchers-stmartinois.fr\/#organization","name":"Les Archers St Martinois","url":"https:\/\/lesarchers-stmartinois.fr\/","logo":{"@type":"ImageObject","inLanguage":"en-US","@id":"https:\/\/lesarchers-stmartinois.fr\/#\/schema\/logo\/image\/","url":"https:\/\/lesarchers-stmartinois.fr\/wp-content\/uploads\/2022\/05\/cropped-Logo-club-2.jpg","contentUrl":"https:\/\/lesarchers-stmartinois.fr\/wp-content\/uploads\/2022\/05\/cropped-Logo-club-2.jpg","width":400,"height":571,"caption":"Les Archers St Martinois "},"image":{"@id":"https:\/\/lesarchers-stmartinois.fr\/#\/schema\/logo\/image\/"}},{"@type":"Person","@id":"https:\/\/lesarchers-stmartinois.fr\/#\/schema\/person\/6fc87339c4afe3a7fc3860b39470a8d6","name":"Les Archers St Martinois","image":{"@type":"ImageObject","inLanguage":"en-US","@id":"https:\/\/lesarchers-stmartinois.fr\/#\/schema\/person\/image\/","url":"https:\/\/secure.gravatar.com\/avatar\/3a901488cab2d64221d04fbccdad8970?s=96&d=mm&r=g","contentUrl":"https:\/\/secure.gravatar.com\/avatar\/3a901488cab2d64221d04fbccdad8970?s=96&d=mm&r=g","caption":"Les Archers St Martinois"},"url":"https:\/\/lesarchers-stmartinois.fr\/?author=1"}]}},"_links":{"self":[{"href":"https:\/\/lesarchers-stmartinois.fr\/index.php?rest_route=\/wp\/v2\/posts\/954"}],"collection":[{"href":"https:\/\/lesarchers-stmartinois.fr\/index.php?rest_route=\/wp\/v2\/posts"}],"about":[{"href":"https:\/\/lesarchers-stmartinois.fr\/index.php?rest_route=\/wp\/v2\/types\/post"}],"author":[{"embeddable":true,"href":"https:\/\/lesarchers-stmartinois.fr\/index.php?rest_route=\/wp\/v2\/users\/1"}],"replies":[{"embeddable":true,"href":"https:\/\/lesarchers-stmartinois.fr\/index.php?rest_route=%2Fwp%2Fv2%2Fcomments&post=954"}],"version-history":[{"count":1,"href":"https:\/\/lesarchers-stmartinois.fr\/index.php?rest_route=\/wp\/v2\/posts\/954\/revisions"}],"predecessor-version":[{"id":957,"href":"https:\/\/lesarchers-stmartinois.fr\/index.php?rest_route=\/wp\/v2\/posts\/954\/revisions\/957"}],"wp:featuredmedia":[{"embeddable":true,"href":"https:\/\/lesarchers-stmartinois.fr\/index.php?rest_route=\/wp\/v2\/media\/955"}],"wp:attachment":[{"href":"https:\/\/lesarchers-stmartinois.fr\/index.php?rest_route=%2Fwp%2Fv2%2Fmedia&parent=954"}],"wp:term":[{"taxonomy":"category","embeddable":true,"href":"https:\/\/lesarchers-stmartinois.fr\/index.php?rest_route=%2Fwp%2Fv2%2Fcategories&post=954"},{"taxonomy":"post_tag","embeddable":true,"href":"https:\/\/lesarchers-stmartinois.fr\/index.php?rest_route=%2Fwp%2Fv2%2Ftags&post=954"}],"curies":[{"name":"wp","href":"https:\/\/api.w.org\/{rel}","templated":true}]}}