{"id":689,"date":"2021-10-02T17:04:00","date_gmt":"2021-10-02T15:04:00","guid":{"rendered":"http:\/\/lesarchers-stmartinois.fr\/?p=689"},"modified":"2022-05-21T17:27:53","modified_gmt":"2022-05-21T15:27:53","slug":"nouvelle-section-ffsa-septembre-2021","status":"publish","type":"post","link":"https:\/\/lesarchers-stmartinois.fr\/?p=689","title":{"rendered":"NOUVELLE SECTION FFSA SEPTEMBRE 2021"},"content":{"rendered":"\n<p>Mise en place d\u2019une section \u00ab&nbsp;Sport Pour Tous&nbsp;\u00bb cr\u00e9\u00e9e en 2018 pour les s\u00e9niors et les personnes en situation d\u2019handicap l\u00e9ger. En septembre 2021, nous avons sign\u00e9 un contrat civique avec la mission locale du pays d\u2019Arles et un archer de notre club afin de d\u00e9velopper cette section vers le Handicap, avec pour mission \u00ab&nbsp;l\u2019inclusion du handicap dans le tir \u00e0 l\u2019arc&nbsp;\u00bb. Depuis, notre club est affili\u00e9 \u00e0 la FFSA \u00ab&nbsp;F\u00e9d\u00e9ration Fran\u00e7aise du Sport Adapt\u00e9&nbsp;\u00bb avec deux adh\u00e9rents \u00e0 ce jour, ainsi qu&#8217;un adh\u00e9rent dans la section handisport. Nous sommes \u00e9galement en cours d\u2019affiliation avec la FFH \u00ab&nbsp;F\u00e9d\u00e9ration Fran\u00e7aise du Handicap&nbsp;\u00bb, affiliation qui a \u00e9t\u00e9 un peu retard\u00e9 suite \u00e0 l\u2019absorption de cette fili\u00e8re par la FFTA d\u00e8s le d\u00e9but d\u2019ann\u00e9e 2022. <\/p>\n\n\n\n<p>Cette section est encadr\u00e9 par un entraineur dipl\u00f4m\u00e9 d\u2019un brevet d\u2019Etat, les lundis apr\u00e8s-midi (hors vacances scolaires). <\/p>\n","protected":false},"excerpt":{"rendered":"<p>Mise en place d\u2019une section \u00ab&nbsp;Sport Pour Tous&nbsp;\u00bb cr\u00e9\u00e9e en 2018 pour les s\u00e9niors et les personnes en situation d\u2019handicap l\u00e9ger. En septembre 2021, nous avons sign\u00e9 un contrat civique avec la mission locale du pays d\u2019Arles et un archer de notre club afin de d\u00e9velopper cette section vers le Handicap, avec pour mission \u00ab&nbsp;l\u2019inclusion [&hellip;]<\/p>\n","protected":false},"author":1,"featured_media":0,"comment_status":"closed","ping_status":"closed","sticky":false,"template":"","format":"standard","meta":{"footnotes":""},"categories":[13,1],"tags":[],"yoast_head":"<!-- This site is optimized with the Yoast SEO plugin v19.10 - https:\/\/yoast.com\/wordpress\/plugins\/seo\/ -->\n<title>NOUVELLE SECTION FFSA SEPTEMBRE 2021 - Les Archers St Martinois<\/title>\n<meta name=\"robots\" content=\"index, follow, max-snippet:-1, max-image-preview:large, max-video-preview:-1\" \/>\n<link rel=\"canonical\" href=\"https:\/\/lesarchers-stmartinois.fr\/?p=689\" \/>\n<meta property=\"og:locale\" content=\"en_US\" \/>\n<meta property=\"og:type\" content=\"article\" \/>\n<meta property=\"og:title\" content=\"NOUVELLE SECTION FFSA SEPTEMBRE 2021 - Les Archers St Martinois\" \/>\n<meta property=\"og:description\" content=\"Mise en place d\u2019une section \u00ab&nbsp;Sport Pour Tous&nbsp;\u00bb cr\u00e9\u00e9e en 2018 pour les s\u00e9niors et les personnes en situation d\u2019handicap l\u00e9ger. En septembre 2021, nous avons sign\u00e9 un contrat civique avec la mission locale du pays d\u2019Arles et un archer de notre club afin de d\u00e9velopper cette section vers le Handicap, avec pour mission \u00ab&nbsp;l\u2019inclusion [&hellip;]\" \/>\n<meta property=\"og:url\" content=\"https:\/\/lesarchers-stmartinois.fr\/?p=689\" \/>\n<meta property=\"og:site_name\" content=\"Les Archers St Martinois\" \/>\n<meta property=\"article:published_time\" content=\"2021-10-02T15:04:00+00:00\" \/>\n<meta property=\"article:modified_time\" content=\"2022-05-21T15:27:53+00:00\" \/>\n<meta name=\"author\" content=\"Les Archers St Martinois\" \/>\n<meta name=\"twitter:card\" content=\"summary_large_image\" \/>\n<meta name=\"twitter:label1\" content=\"Written by\" \/>\n\t<meta name=\"twitter:data1\" content=\"Les Archers St Martinois\" \/>\n\t<meta name=\"twitter:label2\" content=\"Est. reading time\" \/>\n\t<meta name=\"twitter:data2\" content=\"1 minute\" \/>\n<script type=\"application\/ld+json\" class=\"yoast-schema-graph\">{\"@context\":\"https:\/\/schema.org\",\"@graph\":[{\"@type\":\"Article\",\"@id\":\"https:\/\/lesarchers-stmartinois.fr\/?p=689#article\",\"isPartOf\":{\"@id\":\"https:\/\/lesarchers-stmartinois.fr\/?p=689\"},\"author\":{\"name\":\"Les Archers St Martinois\",\"@id\":\"https:\/\/lesarchers-stmartinois.fr\/#\/schema\/person\/6fc87339c4afe3a7fc3860b39470a8d6\"},\"headline\":\"NOUVELLE SECTION FFSA SEPTEMBRE 2021\",\"datePublished\":\"2021-10-02T15:04:00+00:00\",\"dateModified\":\"2022-05-21T15:27:53+00:00\",\"mainEntityOfPage\":{\"@id\":\"https:\/\/lesarchers-stmartinois.fr\/?p=689\"},\"wordCount\":172,\"publisher\":{\"@id\":\"https:\/\/lesarchers-stmartinois.fr\/#organization\"},\"articleSection\":[\"Sport pour tous\",\"Vie du Club\"],\"inLanguage\":\"en-US\"},{\"@type\":\"WebPage\",\"@id\":\"https:\/\/lesarchers-stmartinois.fr\/?p=689\",\"url\":\"https:\/\/lesarchers-stmartinois.fr\/?p=689\",\"name\":\"NOUVELLE SECTION FFSA SEPTEMBRE 2021 - Les Archers St Martinois\",\"isPartOf\":{\"@id\":\"https:\/\/lesarchers-stmartinois.fr\/#website\"},\"datePublished\":\"2021-10-02T15:04:00+00:00\",\"dateModified\":\"2022-05-21T15:27:53+00:00\",\"breadcrumb\":{\"@id\":\"https:\/\/lesarchers-stmartinois.fr\/?p=689#breadcrumb\"},\"inLanguage\":\"en-US\",\"potentialAction\":[{\"@type\":\"ReadAction\",\"target\":[\"https:\/\/lesarchers-stmartinois.fr\/?p=689\"]}]},{\"@type\":\"BreadcrumbList\",\"@id\":\"https:\/\/lesarchers-stmartinois.fr\/?p=689#breadcrumb\",\"itemListElement\":[{\"@type\":\"ListItem\",\"position\":1,\"name\":\"Home\",\"item\":\"https:\/\/lesarchers-stmartinois.fr\/\"},{\"@type\":\"ListItem\",\"position\":2,\"name\":\"NOUVELLE SECTION FFSA SEPTEMBRE 2021\"}]},{\"@type\":\"WebSite\",\"@id\":\"https:\/\/lesarchers-stmartinois.fr\/#website\",\"url\":\"https:\/\/lesarchers-stmartinois.fr\/\",\"name\":\"Les Archers St Martinois\",\"description\":\"Les Flamants Roses \",\"publisher\":{\"@id\":\"https:\/\/lesarchers-stmartinois.fr\/#organization\"},\"potentialAction\":[{\"@type\":\"SearchAction\",\"target\":{\"@type\":\"EntryPoint\",\"urlTemplate\":\"https:\/\/lesarchers-stmartinois.fr\/?s={search_term_string}\"},\"query-input\":\"required name=search_term_string\"}],\"inLanguage\":\"en-US\"},{\"@type\":\"Organization\",\"@id\":\"https:\/\/lesarchers-stmartinois.fr\/#organization\",\"name\":\"Les Archers St Martinois\",\"url\":\"https:\/\/lesarchers-stmartinois.fr\/\",\"logo\":{\"@type\":\"ImageObject\",\"inLanguage\":\"en-US\",\"@id\":\"https:\/\/lesarchers-stmartinois.fr\/#\/schema\/logo\/image\/\",\"url\":\"https:\/\/lesarchers-stmartinois.fr\/wp-content\/uploads\/2022\/05\/cropped-Logo-club-2.jpg\",\"contentUrl\":\"https:\/\/lesarchers-stmartinois.fr\/wp-content\/uploads\/2022\/05\/cropped-Logo-club-2.jpg\",\"width\":400,\"height\":571,\"caption\":\"Les Archers St Martinois \"},\"image\":{\"@id\":\"https:\/\/lesarchers-stmartinois.fr\/#\/schema\/logo\/image\/\"}},{\"@type\":\"Person\",\"@id\":\"https:\/\/lesarchers-stmartinois.fr\/#\/schema\/person\/6fc87339c4afe3a7fc3860b39470a8d6\",\"name\":\"Les Archers St Martinois\",\"image\":{\"@type\":\"ImageObject\",\"inLanguage\":\"en-US\",\"@id\":\"https:\/\/lesarchers-stmartinois.fr\/#\/schema\/person\/image\/\",\"url\":\"https:\/\/secure.gravatar.com\/avatar\/3a901488cab2d64221d04fbccdad8970?s=96&d=mm&r=g\",\"contentUrl\":\"https:\/\/secure.gravatar.com\/avatar\/3a901488cab2d64221d04fbccdad8970?s=96&d=mm&r=g\",\"caption\":\"Les Archers St Martinois\"},\"url\":\"https:\/\/lesarchers-stmartinois.fr\/?author=1\"}]}<\/script>\n<!-- \/ Yoast SEO plugin. -->","yoast_head_json":{"title":"NOUVELLE SECTION FFSA SEPTEMBRE 2021 - Les Archers St Martinois","robots":{"index":"index","follow":"follow","max-snippet":"max-snippet:-1","max-image-preview":"max-image-preview:large","max-video-preview":"max-video-preview:-1"},"canonical":"https:\/\/lesarchers-stmartinois.fr\/?p=689","og_locale":"en_US","og_type":"article","og_title":"NOUVELLE SECTION FFSA SEPTEMBRE 2021 - Les Archers St Martinois","og_description":"Mise en place d\u2019une section \u00ab&nbsp;Sport Pour Tous&nbsp;\u00bb cr\u00e9\u00e9e en 2018 pour les s\u00e9niors et les personnes en situation d\u2019handicap l\u00e9ger. En septembre 2021, nous avons sign\u00e9 un contrat civique avec la mission locale du pays d\u2019Arles et un archer de notre club afin de d\u00e9velopper cette section vers le Handicap, avec pour mission \u00ab&nbsp;l\u2019inclusion [&hellip;]","og_url":"https:\/\/lesarchers-stmartinois.fr\/?p=689","og_site_name":"Les Archers St Martinois","article_published_time":"2021-10-02T15:04:00+00:00","article_modified_time":"2022-05-21T15:27:53+00:00","author":"Les Archers St Martinois","twitter_card":"summary_large_image","twitter_misc":{"Written by":"Les Archers St Martinois","Est. reading time":"1 minute"},"schema":{"@context":"https:\/\/schema.org","@graph":[{"@type":"Article","@id":"https:\/\/lesarchers-stmartinois.fr\/?p=689#article","isPartOf":{"@id":"https:\/\/lesarchers-stmartinois.fr\/?p=689"},"author":{"name":"Les Archers St Martinois","@id":"https:\/\/lesarchers-stmartinois.fr\/#\/schema\/person\/6fc87339c4afe3a7fc3860b39470a8d6"},"headline":"NOUVELLE SECTION FFSA SEPTEMBRE 2021","datePublished":"2021-10-02T15:04:00+00:00","dateModified":"2022-05-21T15:27:53+00:00","mainEntityOfPage":{"@id":"https:\/\/lesarchers-stmartinois.fr\/?p=689"},"wordCount":172,"publisher":{"@id":"https:\/\/lesarchers-stmartinois.fr\/#organization"},"articleSection":["Sport pour tous","Vie du Club"],"inLanguage":"en-US"},{"@type":"WebPage","@id":"https:\/\/lesarchers-stmartinois.fr\/?p=689","url":"https:\/\/lesarchers-stmartinois.fr\/?p=689","name":"NOUVELLE SECTION FFSA SEPTEMBRE 2021 - Les Archers St Martinois","isPartOf":{"@id":"https:\/\/lesarchers-stmartinois.fr\/#website"},"datePublished":"2021-10-02T15:04:00+00:00","dateModified":"2022-05-21T15:27:53+00:00","breadcrumb":{"@id":"https:\/\/lesarchers-stmartinois.fr\/?p=689#breadcrumb"},"inLanguage":"en-US","potentialAction":[{"@type":"ReadAction","target":["https:\/\/lesarchers-stmartinois.fr\/?p=689"]}]},{"@type":"BreadcrumbList","@id":"https:\/\/lesarchers-stmartinois.fr\/?p=689#breadcrumb","itemListElement":[{"@type":"ListItem","position":1,"name":"Home","item":"https:\/\/lesarchers-stmartinois.fr\/"},{"@type":"ListItem","position":2,"name":"NOUVELLE SECTION FFSA SEPTEMBRE 2021"}]},{"@type":"WebSite","@id":"https:\/\/lesarchers-stmartinois.fr\/#website","url":"https:\/\/lesarchers-stmartinois.fr\/","name":"Les Archers St Martinois","description":"Les Flamants Roses ","publisher":{"@id":"https:\/\/lesarchers-stmartinois.fr\/#organization"},"potentialAction":[{"@type":"SearchAction","target":{"@type":"EntryPoint","urlTemplate":"https:\/\/lesarchers-stmartinois.fr\/?s={search_term_string}"},"query-input":"required name=search_term_string"}],"inLanguage":"en-US"},{"@type":"Organization","@id":"https:\/\/lesarchers-stmartinois.fr\/#organization","name":"Les Archers St Martinois","url":"https:\/\/lesarchers-stmartinois.fr\/","logo":{"@type":"ImageObject","inLanguage":"en-US","@id":"https:\/\/lesarchers-stmartinois.fr\/#\/schema\/logo\/image\/","url":"https:\/\/lesarchers-stmartinois.fr\/wp-content\/uploads\/2022\/05\/cropped-Logo-club-2.jpg","contentUrl":"https:\/\/lesarchers-stmartinois.fr\/wp-content\/uploads\/2022\/05\/cropped-Logo-club-2.jpg","width":400,"height":571,"caption":"Les Archers St Martinois "},"image":{"@id":"https:\/\/lesarchers-stmartinois.fr\/#\/schema\/logo\/image\/"}},{"@type":"Person","@id":"https:\/\/lesarchers-stmartinois.fr\/#\/schema\/person\/6fc87339c4afe3a7fc3860b39470a8d6","name":"Les Archers St Martinois","image":{"@type":"ImageObject","inLanguage":"en-US","@id":"https:\/\/lesarchers-stmartinois.fr\/#\/schema\/person\/image\/","url":"https:\/\/secure.gravatar.com\/avatar\/3a901488cab2d64221d04fbccdad8970?s=96&d=mm&r=g","contentUrl":"https:\/\/secure.gravatar.com\/avatar\/3a901488cab2d64221d04fbccdad8970?s=96&d=mm&r=g","caption":"Les Archers St Martinois"},"url":"https:\/\/lesarchers-stmartinois.fr\/?author=1"}]}},"_links":{"self":[{"href":"https:\/\/lesarchers-stmartinois.fr\/index.php?rest_route=\/wp\/v2\/posts\/689"}],"collection":[{"href":"https:\/\/lesarchers-stmartinois.fr\/index.php?rest_route=\/wp\/v2\/posts"}],"about":[{"href":"https:\/\/lesarchers-stmartinois.fr\/index.php?rest_route=\/wp\/v2\/types\/post"}],"author":[{"embeddable":true,"href":"https:\/\/lesarchers-stmartinois.fr\/index.php?rest_route=\/wp\/v2\/users\/1"}],"replies":[{"embeddable":true,"href":"https:\/\/lesarchers-stmartinois.fr\/index.php?rest_route=%2Fwp%2Fv2%2Fcomments&post=689"}],"version-history":[{"count":2,"href":"https:\/\/lesarchers-stmartinois.fr\/index.php?rest_route=\/wp\/v2\/posts\/689\/revisions"}],"predecessor-version":[{"id":691,"href":"https:\/\/lesarchers-stmartinois.fr\/index.php?rest_route=\/wp\/v2\/posts\/689\/revisions\/691"}],"wp:attachment":[{"href":"https:\/\/lesarchers-stmartinois.fr\/index.php?rest_route=%2Fwp%2Fv2%2Fmedia&parent=689"}],"wp:term":[{"taxonomy":"category","embeddable":true,"href":"https:\/\/lesarchers-stmartinois.fr\/index.php?rest_route=%2Fwp%2Fv2%2Fcategories&post=689"},{"taxonomy":"post_tag","embeddable":true,"href":"https:\/\/lesarchers-stmartinois.fr\/index.php?rest_route=%2Fwp%2Fv2%2Ftags&post=689"}],"curies":[{"name":"wp","href":"https:\/\/api.w.org\/{rel}","templated":true}]}}