{"id":614,"date":"2020-11-28T10:34:02","date_gmt":"2020-11-28T09:34:02","guid":{"rendered":"http:\/\/lesarchers-stmartinois.fr\/?p=614"},"modified":"2020-11-28T10:34:02","modified_gmt":"2020-11-28T09:34:02","slug":"reprise","status":"publish","type":"post","link":"https:\/\/lesarchers-stmartinois.fr\/?p=614","title":{"rendered":"REPRISE"},"content":{"rendered":"<p><span data-offset-key=\"e3mug-0-0\">BONNE<\/span><span data-offset-key=\"e3mug-1-0\"> NOUVELLE !!!! \ud83e\udd73 <\/span><\/p>\n<p><span data-offset-key=\"e3mug-1-0\">Apr\u00e8s un retour positif de la municipalit\u00e9, nous pouvons officiellement vous annoncer que le terrain ext\u00e9rieur sera accessible \u00e0 partir du 28 Novembre.<\/span><\/p>\n<p><span data-offset-key=\"e3mug-1-0\"> \ud83d\udccc Toutefois, la municipalit\u00e9 est dans l\u2019attente du d\u00e9cret prescrivant les derni\u00e8res mesures g\u00e9n\u00e9rales. Nous informerons les adh\u00e9rents par mails des ajustements possibles. Et le protocole de FFTA sera envoy\u00e9 \u00e0 chacun des adh\u00e9rents par mail \u00e9galement.<\/span><\/p>\n<p>Retrouver le protocole :\u00a0https:\/\/www.ffta.fr\/actualites\/quelles-conditions-de-reprise-pour-le-tir-larc-partir-du-28-novembre?fbclid=IwAR34Dh5_r7OCC6ZsA3N5iOVi2n7WxolsZMhqURk0FDFYaYW-yl8j2HWqW9E<\/p>\n<p><span data-offset-key=\"e3mug-1-0\"> \ud83d\udd87 Pour acc\u00e9der au terrain, il faut \u00e0 nouveau s\u2019inscrire via WeeZevent sur le lien suivant : <\/span><span class=\"py34i1dx\"><span data-offset-key=\"e3mug-2-0\">https:\/\/www.weezevent.com\/creneaux-terrain-exterieur-2<\/span><\/span><\/p>\n<p><span data-offset-key=\"e3mug-3-0\">Les cr\u00e9neaux seront de 2h. <\/span><\/p>\n<p><span data-offset-key=\"e3mug-3-0\">\ud83d\udccd Les cours des enfants reprendront le Mercredi 2 D\u00e9cembre UNIQUEMENT de 14h \u00e0 16h. Ils se d\u00e9rouleront en ext\u00e9rieur. Une deuxi\u00e8me session aura lieu le samedi de 14h \u00e0 16h.<\/span><\/p>\n<p><span data-offset-key=\"e3mug-3-0\"> \ud83d\udccd Pour les cours adultes, qu\u2019une session possible avec encadrant (Max). Le cours se d\u00e9roulera le samedi matin 10h \u00e0 12h en ext\u00e9rieur. <\/span><\/p>\n<p>&nbsp;<\/p>\n<p><span data-offset-key=\"e3mug-3-0\">Vous devez vous munir de votre attestation d\u00e9rogatoire, masque, gel hydroalcoolique, et respecter les 20km. <\/span><\/p>\n<p>&nbsp;<\/p>\n<p><span data-offset-key=\"e3mug-3-0\">Un mail r\u00e9capitulatif sera envoy\u00e9 \u00e0 chacun!! Merci d\u2019attendre ce mail avant de vous inscrire sur WeZevent !!!!! <\/span><\/p>\n<p>&nbsp;<\/p>\n<p><span data-offset-key=\"e3mug-3-0\">Tout vient \u00e0 point \u00e0 qui sait attendre<\/span><span data-offset-key=\"e3mug-3-0\"> \ud83c\udf40 <\/span><\/p>\n<p>&nbsp;<\/p>\n<p><span data-offset-key=\"e3mug-3-0\">Les Flamants Roses<\/span><\/p>\n","protected":false},"excerpt":{"rendered":"<p>BONNE NOUVELLE !!!! \ud83e\udd73 Apr\u00e8s un retour positif de la municipalit\u00e9, nous pouvons officiellement vous annoncer que le terrain ext\u00e9rieur sera accessible \u00e0 partir du 28 Novembre. \ud83d\udccc Toutefois, la municipalit\u00e9 est dans l\u2019attente du d\u00e9cret prescrivant les derni\u00e8res mesures g\u00e9n\u00e9rales. Nous informerons les adh\u00e9rents par mails des ajustements possibles. Et le protocole de FFTA [&hellip;]<\/p>\n","protected":false},"author":1,"featured_media":0,"comment_status":"closed","ping_status":"closed","sticky":false,"template":"","format":"standard","meta":{"footnotes":""},"categories":[1],"tags":[],"yoast_head":"<!-- This site is optimized with the Yoast SEO plugin v19.10 - https:\/\/yoast.com\/wordpress\/plugins\/seo\/ -->\n<title>REPRISE - Les Archers St Martinois<\/title>\n<meta name=\"robots\" content=\"index, follow, max-snippet:-1, max-image-preview:large, max-video-preview:-1\" \/>\n<link rel=\"canonical\" href=\"https:\/\/lesarchers-stmartinois.fr\/?p=614\" \/>\n<meta property=\"og:locale\" content=\"en_US\" \/>\n<meta property=\"og:type\" content=\"article\" \/>\n<meta property=\"og:title\" content=\"REPRISE - Les Archers St Martinois\" \/>\n<meta property=\"og:description\" content=\"BONNE NOUVELLE !!!! \ud83e\udd73 Apr\u00e8s un retour positif de la municipalit\u00e9, nous pouvons officiellement vous annoncer que le terrain ext\u00e9rieur sera accessible \u00e0 partir du 28 Novembre. \ud83d\udccc Toutefois, la municipalit\u00e9 est dans l\u2019attente du d\u00e9cret prescrivant les derni\u00e8res mesures g\u00e9n\u00e9rales. Nous informerons les adh\u00e9rents par mails des ajustements possibles. Et le protocole de FFTA [&hellip;]\" \/>\n<meta property=\"og:url\" content=\"https:\/\/lesarchers-stmartinois.fr\/?p=614\" \/>\n<meta property=\"og:site_name\" content=\"Les Archers St Martinois\" \/>\n<meta property=\"article:published_time\" content=\"2020-11-28T09:34:02+00:00\" \/>\n<meta name=\"author\" content=\"Les Archers St Martinois\" \/>\n<meta name=\"twitter:card\" content=\"summary_large_image\" \/>\n<meta name=\"twitter:label1\" content=\"Written by\" \/>\n\t<meta name=\"twitter:data1\" content=\"Les Archers St Martinois\" \/>\n\t<meta name=\"twitter:label2\" content=\"Est. reading time\" \/>\n\t<meta name=\"twitter:data2\" content=\"1 minute\" \/>\n<script type=\"application\/ld+json\" class=\"yoast-schema-graph\">{\"@context\":\"https:\/\/schema.org\",\"@graph\":[{\"@type\":\"Article\",\"@id\":\"https:\/\/lesarchers-stmartinois.fr\/?p=614#article\",\"isPartOf\":{\"@id\":\"https:\/\/lesarchers-stmartinois.fr\/?p=614\"},\"author\":{\"name\":\"Les Archers St Martinois\",\"@id\":\"https:\/\/lesarchers-stmartinois.fr\/#\/schema\/person\/6fc87339c4afe3a7fc3860b39470a8d6\"},\"headline\":\"REPRISE\",\"datePublished\":\"2020-11-28T09:34:02+00:00\",\"dateModified\":\"2020-11-28T09:34:02+00:00\",\"mainEntityOfPage\":{\"@id\":\"https:\/\/lesarchers-stmartinois.fr\/?p=614\"},\"wordCount\":221,\"publisher\":{\"@id\":\"https:\/\/lesarchers-stmartinois.fr\/#organization\"},\"articleSection\":[\"Vie du Club\"],\"inLanguage\":\"en-US\"},{\"@type\":\"WebPage\",\"@id\":\"https:\/\/lesarchers-stmartinois.fr\/?p=614\",\"url\":\"https:\/\/lesarchers-stmartinois.fr\/?p=614\",\"name\":\"REPRISE - Les Archers St Martinois\",\"isPartOf\":{\"@id\":\"https:\/\/lesarchers-stmartinois.fr\/#website\"},\"datePublished\":\"2020-11-28T09:34:02+00:00\",\"dateModified\":\"2020-11-28T09:34:02+00:00\",\"breadcrumb\":{\"@id\":\"https:\/\/lesarchers-stmartinois.fr\/?p=614#breadcrumb\"},\"inLanguage\":\"en-US\",\"potentialAction\":[{\"@type\":\"ReadAction\",\"target\":[\"https:\/\/lesarchers-stmartinois.fr\/?p=614\"]}]},{\"@type\":\"BreadcrumbList\",\"@id\":\"https:\/\/lesarchers-stmartinois.fr\/?p=614#breadcrumb\",\"itemListElement\":[{\"@type\":\"ListItem\",\"position\":1,\"name\":\"Home\",\"item\":\"https:\/\/lesarchers-stmartinois.fr\/\"},{\"@type\":\"ListItem\",\"position\":2,\"name\":\"REPRISE\"}]},{\"@type\":\"WebSite\",\"@id\":\"https:\/\/lesarchers-stmartinois.fr\/#website\",\"url\":\"https:\/\/lesarchers-stmartinois.fr\/\",\"name\":\"Les Archers St Martinois\",\"description\":\"Les Flamants Roses \",\"publisher\":{\"@id\":\"https:\/\/lesarchers-stmartinois.fr\/#organization\"},\"potentialAction\":[{\"@type\":\"SearchAction\",\"target\":{\"@type\":\"EntryPoint\",\"urlTemplate\":\"https:\/\/lesarchers-stmartinois.fr\/?s={search_term_string}\"},\"query-input\":\"required name=search_term_string\"}],\"inLanguage\":\"en-US\"},{\"@type\":\"Organization\",\"@id\":\"https:\/\/lesarchers-stmartinois.fr\/#organization\",\"name\":\"Les Archers St Martinois\",\"url\":\"https:\/\/lesarchers-stmartinois.fr\/\",\"logo\":{\"@type\":\"ImageObject\",\"inLanguage\":\"en-US\",\"@id\":\"https:\/\/lesarchers-stmartinois.fr\/#\/schema\/logo\/image\/\",\"url\":\"https:\/\/lesarchers-stmartinois.fr\/wp-content\/uploads\/2022\/05\/cropped-Logo-club-2.jpg\",\"contentUrl\":\"https:\/\/lesarchers-stmartinois.fr\/wp-content\/uploads\/2022\/05\/cropped-Logo-club-2.jpg\",\"width\":400,\"height\":571,\"caption\":\"Les Archers St Martinois \"},\"image\":{\"@id\":\"https:\/\/lesarchers-stmartinois.fr\/#\/schema\/logo\/image\/\"}},{\"@type\":\"Person\",\"@id\":\"https:\/\/lesarchers-stmartinois.fr\/#\/schema\/person\/6fc87339c4afe3a7fc3860b39470a8d6\",\"name\":\"Les Archers St Martinois\",\"image\":{\"@type\":\"ImageObject\",\"inLanguage\":\"en-US\",\"@id\":\"https:\/\/lesarchers-stmartinois.fr\/#\/schema\/person\/image\/\",\"url\":\"https:\/\/secure.gravatar.com\/avatar\/3a901488cab2d64221d04fbccdad8970?s=96&d=mm&r=g\",\"contentUrl\":\"https:\/\/secure.gravatar.com\/avatar\/3a901488cab2d64221d04fbccdad8970?s=96&d=mm&r=g\",\"caption\":\"Les Archers St Martinois\"},\"url\":\"https:\/\/lesarchers-stmartinois.fr\/?author=1\"}]}<\/script>\n<!-- \/ Yoast SEO plugin. -->","yoast_head_json":{"title":"REPRISE - Les Archers St Martinois","robots":{"index":"index","follow":"follow","max-snippet":"max-snippet:-1","max-image-preview":"max-image-preview:large","max-video-preview":"max-video-preview:-1"},"canonical":"https:\/\/lesarchers-stmartinois.fr\/?p=614","og_locale":"en_US","og_type":"article","og_title":"REPRISE - Les Archers St Martinois","og_description":"BONNE NOUVELLE !!!! \ud83e\udd73 Apr\u00e8s un retour positif de la municipalit\u00e9, nous pouvons officiellement vous annoncer que le terrain ext\u00e9rieur sera accessible \u00e0 partir du 28 Novembre. \ud83d\udccc Toutefois, la municipalit\u00e9 est dans l\u2019attente du d\u00e9cret prescrivant les derni\u00e8res mesures g\u00e9n\u00e9rales. Nous informerons les adh\u00e9rents par mails des ajustements possibles. Et le protocole de FFTA [&hellip;]","og_url":"https:\/\/lesarchers-stmartinois.fr\/?p=614","og_site_name":"Les Archers St Martinois","article_published_time":"2020-11-28T09:34:02+00:00","author":"Les Archers St Martinois","twitter_card":"summary_large_image","twitter_misc":{"Written by":"Les Archers St Martinois","Est. reading time":"1 minute"},"schema":{"@context":"https:\/\/schema.org","@graph":[{"@type":"Article","@id":"https:\/\/lesarchers-stmartinois.fr\/?p=614#article","isPartOf":{"@id":"https:\/\/lesarchers-stmartinois.fr\/?p=614"},"author":{"name":"Les Archers St Martinois","@id":"https:\/\/lesarchers-stmartinois.fr\/#\/schema\/person\/6fc87339c4afe3a7fc3860b39470a8d6"},"headline":"REPRISE","datePublished":"2020-11-28T09:34:02+00:00","dateModified":"2020-11-28T09:34:02+00:00","mainEntityOfPage":{"@id":"https:\/\/lesarchers-stmartinois.fr\/?p=614"},"wordCount":221,"publisher":{"@id":"https:\/\/lesarchers-stmartinois.fr\/#organization"},"articleSection":["Vie du Club"],"inLanguage":"en-US"},{"@type":"WebPage","@id":"https:\/\/lesarchers-stmartinois.fr\/?p=614","url":"https:\/\/lesarchers-stmartinois.fr\/?p=614","name":"REPRISE - Les Archers St Martinois","isPartOf":{"@id":"https:\/\/lesarchers-stmartinois.fr\/#website"},"datePublished":"2020-11-28T09:34:02+00:00","dateModified":"2020-11-28T09:34:02+00:00","breadcrumb":{"@id":"https:\/\/lesarchers-stmartinois.fr\/?p=614#breadcrumb"},"inLanguage":"en-US","potentialAction":[{"@type":"ReadAction","target":["https:\/\/lesarchers-stmartinois.fr\/?p=614"]}]},{"@type":"BreadcrumbList","@id":"https:\/\/lesarchers-stmartinois.fr\/?p=614#breadcrumb","itemListElement":[{"@type":"ListItem","position":1,"name":"Home","item":"https:\/\/lesarchers-stmartinois.fr\/"},{"@type":"ListItem","position":2,"name":"REPRISE"}]},{"@type":"WebSite","@id":"https:\/\/lesarchers-stmartinois.fr\/#website","url":"https:\/\/lesarchers-stmartinois.fr\/","name":"Les Archers St Martinois","description":"Les Flamants Roses ","publisher":{"@id":"https:\/\/lesarchers-stmartinois.fr\/#organization"},"potentialAction":[{"@type":"SearchAction","target":{"@type":"EntryPoint","urlTemplate":"https:\/\/lesarchers-stmartinois.fr\/?s={search_term_string}"},"query-input":"required name=search_term_string"}],"inLanguage":"en-US"},{"@type":"Organization","@id":"https:\/\/lesarchers-stmartinois.fr\/#organization","name":"Les Archers St Martinois","url":"https:\/\/lesarchers-stmartinois.fr\/","logo":{"@type":"ImageObject","inLanguage":"en-US","@id":"https:\/\/lesarchers-stmartinois.fr\/#\/schema\/logo\/image\/","url":"https:\/\/lesarchers-stmartinois.fr\/wp-content\/uploads\/2022\/05\/cropped-Logo-club-2.jpg","contentUrl":"https:\/\/lesarchers-stmartinois.fr\/wp-content\/uploads\/2022\/05\/cropped-Logo-club-2.jpg","width":400,"height":571,"caption":"Les Archers St Martinois "},"image":{"@id":"https:\/\/lesarchers-stmartinois.fr\/#\/schema\/logo\/image\/"}},{"@type":"Person","@id":"https:\/\/lesarchers-stmartinois.fr\/#\/schema\/person\/6fc87339c4afe3a7fc3860b39470a8d6","name":"Les Archers St Martinois","image":{"@type":"ImageObject","inLanguage":"en-US","@id":"https:\/\/lesarchers-stmartinois.fr\/#\/schema\/person\/image\/","url":"https:\/\/secure.gravatar.com\/avatar\/3a901488cab2d64221d04fbccdad8970?s=96&d=mm&r=g","contentUrl":"https:\/\/secure.gravatar.com\/avatar\/3a901488cab2d64221d04fbccdad8970?s=96&d=mm&r=g","caption":"Les Archers St Martinois"},"url":"https:\/\/lesarchers-stmartinois.fr\/?author=1"}]}},"_links":{"self":[{"href":"https:\/\/lesarchers-stmartinois.fr\/index.php?rest_route=\/wp\/v2\/posts\/614"}],"collection":[{"href":"https:\/\/lesarchers-stmartinois.fr\/index.php?rest_route=\/wp\/v2\/posts"}],"about":[{"href":"https:\/\/lesarchers-stmartinois.fr\/index.php?rest_route=\/wp\/v2\/types\/post"}],"author":[{"embeddable":true,"href":"https:\/\/lesarchers-stmartinois.fr\/index.php?rest_route=\/wp\/v2\/users\/1"}],"replies":[{"embeddable":true,"href":"https:\/\/lesarchers-stmartinois.fr\/index.php?rest_route=%2Fwp%2Fv2%2Fcomments&post=614"}],"version-history":[{"count":1,"href":"https:\/\/lesarchers-stmartinois.fr\/index.php?rest_route=\/wp\/v2\/posts\/614\/revisions"}],"predecessor-version":[{"id":615,"href":"https:\/\/lesarchers-stmartinois.fr\/index.php?rest_route=\/wp\/v2\/posts\/614\/revisions\/615"}],"wp:attachment":[{"href":"https:\/\/lesarchers-stmartinois.fr\/index.php?rest_route=%2Fwp%2Fv2%2Fmedia&parent=614"}],"wp:term":[{"taxonomy":"category","embeddable":true,"href":"https:\/\/lesarchers-stmartinois.fr\/index.php?rest_route=%2Fwp%2Fv2%2Fcategories&post=614"},{"taxonomy":"post_tag","embeddable":true,"href":"https:\/\/lesarchers-stmartinois.fr\/index.php?rest_route=%2Fwp%2Fv2%2Ftags&post=614"}],"curies":[{"name":"wp","href":"https:\/\/api.w.org\/{rel}","templated":true}]}}